{"id":4875,"date":"2026-02-19T14:09:37","date_gmt":"2026-02-19T20:09:37","guid":{"rendered":"https:\/\/munieladelanto.gob.gt\/?p=4875"},"modified":"2026-03-06T14:06:58","modified_gmt":"2026-03-06T20:06:58","slug":"alcalde-participa-en-reunion-sobre-subsidios-para-viviendas-afectadas-por-sismos","status":"publish","type":"post","link":"https:\/\/munieladelanto.gob.gt\/?p=4875","title":{"rendered":"Alcalde participa en reuni\u00f3n sobre subsidios para viviendas afectadas por sismos"},"content":{"rendered":"<div class=\"xdj266r x14z9mp xat24cr x1lziwak x1vvkbs x126k92a\">\n<div dir=\"auto\" style=\"text-align: justify;\">El Alcalde Municipal el Sr. Jos\u00e9 Mar\u00eda Corado participo en una reuni\u00f3n junto a los alcaldes de los Municipios que tuvieron da\u00f1os en las viviendas a causa de los sismos, en dicha reunion encabezada por la gobernadora Dianita Herrera Zepeda en donde particip\u00f3 la Vice Ministra de Desarollo y personal de Conred para dar lineamiento sobre la conformaci\u00f3n de expedientes para que las familias puedan optar al subsidio, que se les entregar\u00e1 segun el reporte de da\u00f1o por la Conred.<\/div>\n<\/div>\n<div class=\"x14z9mp xat24cr x1lziwak x1vvkbs xtlvy1s x126k92a\" style=\"text-align: justify;\">\n<div dir=\"auto\">Es importante aclarar que seg\u00fan lineamientos dados unicamente podr\u00e1n optar al beneficios aquellas casas que fueron visitadas por la Conred y cuentan con el registro correspondiente.<\/div>\n<div dir=\"auto\">\n<div><\/div>\n<\/div>\n<\/div>\n<div class=\"x14z9mp xat24cr x1lziwak x1vvkbs xtlvy1s x126k92a\">\n<div dir=\"auto\" style=\"text-align: justify;\">Trabajando con Amor, por un Trabajo Mejor&#8230;<\/div>\n<\/div>\n","protected":false},"excerpt":{"rendered":"<p>El Alcalde Municipal el Sr. Jos\u00e9 Mar\u00eda Corado participo en una reuni\u00f3n junto a los alcaldes de los Municipios que tuvieron da\u00f1os en las viviendas a causa de los sismos, en dicha reunion encabezada por la gobernadora Dianita Herrera Zepeda en donde particip\u00f3 la Vice Ministra de Desarollo y personal de Conred para dar lineamiento [&hellip;]<\/p>\n","protected":false},"author":1,"featured_media":4872,"comment_status":"closed","ping_status":"open","sticky":false,"template":"","format":"gallery","meta":{"footnotes":""},"categories":[217],"tags":[178],"_links":{"self":[{"href":"https:\/\/munieladelanto.gob.gt\/index.php?rest_route=\/wp\/v2\/posts\/4875"}],"collection":[{"href":"https:\/\/munieladelanto.gob.gt\/index.php?rest_route=\/wp\/v2\/posts"}],"about":[{"href":"https:\/\/munieladelanto.gob.gt\/index.php?rest_route=\/wp\/v2\/types\/post"}],"author":[{"embeddable":true,"href":"https:\/\/munieladelanto.gob.gt\/index.php?rest_route=\/wp\/v2\/users\/1"}],"replies":[{"embeddable":true,"href":"https:\/\/munieladelanto.gob.gt\/index.php?rest_route=%2Fwp%2Fv2%2Fcomments&post=4875"}],"version-history":[{"count":1,"href":"https:\/\/munieladelanto.gob.gt\/index.php?rest_route=\/wp\/v2\/posts\/4875\/revisions"}],"predecessor-version":[{"id":4876,"href":"https:\/\/munieladelanto.gob.gt\/index.php?rest_route=\/wp\/v2\/posts\/4875\/revisions\/4876"}],"wp:featuredmedia":[{"embeddable":true,"href":"https:\/\/munieladelanto.gob.gt\/index.php?rest_route=\/wp\/v2\/media\/4872"}],"wp:attachment":[{"href":"https:\/\/munieladelanto.gob.gt\/index.php?rest_route=%2Fwp%2Fv2%2Fmedia&parent=4875"}],"wp:term":[{"taxonomy":"category","embeddable":true,"href":"https:\/\/munieladelanto.gob.gt\/index.php?rest_route=%2Fwp%2Fv2%2Fcategories&post=4875"},{"taxonomy":"post_tag","embeddable":true,"href":"https:\/\/munieladelanto.gob.gt\/index.php?rest_route=%2Fwp%2Fv2%2Ftags&post=4875"}],"curies":[{"name":"wp","href":"https:\/\/api.w.org\/{rel}","templated":true}]}}