{"id":2464,"date":"2024-02-22T08:36:34","date_gmt":"2024-02-22T14:36:34","guid":{"rendered":"https:\/\/munieladelanto.gob.gt\/?p=2464"},"modified":"2024-03-22T17:32:14","modified_gmt":"2024-03-22T23:32:14","slug":"candidatas-participantes-a-nina-y-senorita-flor-de-la-feria-el-adelanto-jutiapa-2024","status":"publish","type":"post","link":"https:\/\/munieladelanto.gob.gt\/?p=2464","title":{"rendered":"Candidatas participantes a Ni\u00f1a y Se\u00f1orita Flor de la Feria El Adelanto, Jutiapa 2024"},"content":{"rendered":"<p style=\"text-align: justify;\"><span class=\"x193iq5w xeuugli x13faqbe x1vvkbs x1xmvt09 x1lliihq x1s928wv xhkezso x1gmr53x x1cpjm7i x1fgarty x1943h6x xudqn12 x3x7a5m x6prxxf xvq8zen xo1l8bm xzsf02u x1yc453h\" dir=\"auto\">Feria titular de nuestro bello Municipio El Adelanto, Jutiapa del 15 al 19 de marzo en \u201cHonor al patr\u00f3n San Jos\u00e9&#8221; iniciamos con la presentaci\u00f3n de candidatas en un recorrido por las principales calles del municipio adelante\u00f1o a realizarse este lunes 26 de febrero a las 3 de la tarde, invita Alcalde Municipal Jos\u00e9 Mar\u00eda Corado y Corado, y Comit\u00e9 de feria.<\/span><\/p>\n<p>&nbsp;<\/p>\n<p>&nbsp;<\/p>\n<div><\/div>\n","protected":false},"excerpt":{"rendered":"<p>Feria titular de nuestro bello Municipio El Adelanto, Jutiapa del 15 al 19 de marzo en \u201cHonor al patr\u00f3n San Jos\u00e9&#8221; iniciamos con la presentaci\u00f3n de candidatas en un recorrido por las principales calles del municipio adelante\u00f1o a realizarse este lunes 26 de febrero a las 3 de la tarde, invita Alcalde Municipal Jos\u00e9 Mar\u00eda [&hellip;]<\/p>\n","protected":false},"author":1,"featured_media":2457,"comment_status":"closed","ping_status":"open","sticky":false,"template":"","format":"gallery","meta":{"footnotes":""},"categories":[183],"tags":[178],"_links":{"self":[{"href":"https:\/\/munieladelanto.gob.gt\/index.php?rest_route=\/wp\/v2\/posts\/2464"}],"collection":[{"href":"https:\/\/munieladelanto.gob.gt\/index.php?rest_route=\/wp\/v2\/posts"}],"about":[{"href":"https:\/\/munieladelanto.gob.gt\/index.php?rest_route=\/wp\/v2\/types\/post"}],"author":[{"embeddable":true,"href":"https:\/\/munieladelanto.gob.gt\/index.php?rest_route=\/wp\/v2\/users\/1"}],"replies":[{"embeddable":true,"href":"https:\/\/munieladelanto.gob.gt\/index.php?rest_route=%2Fwp%2Fv2%2Fcomments&post=2464"}],"version-history":[{"count":1,"href":"https:\/\/munieladelanto.gob.gt\/index.php?rest_route=\/wp\/v2\/posts\/2464\/revisions"}],"predecessor-version":[{"id":2465,"href":"https:\/\/munieladelanto.gob.gt\/index.php?rest_route=\/wp\/v2\/posts\/2464\/revisions\/2465"}],"wp:featuredmedia":[{"embeddable":true,"href":"https:\/\/munieladelanto.gob.gt\/index.php?rest_route=\/wp\/v2\/media\/2457"}],"wp:attachment":[{"href":"https:\/\/munieladelanto.gob.gt\/index.php?rest_route=%2Fwp%2Fv2%2Fmedia&parent=2464"}],"wp:term":[{"taxonomy":"category","embeddable":true,"href":"https:\/\/munieladelanto.gob.gt\/index.php?rest_route=%2Fwp%2Fv2%2Fcategories&post=2464"},{"taxonomy":"post_tag","embeddable":true,"href":"https:\/\/munieladelanto.gob.gt\/index.php?rest_route=%2Fwp%2Fv2%2Ftags&post=2464"}],"curies":[{"name":"wp","href":"https:\/\/api.w.org\/{rel}","templated":true}]}}